{"id":769,"date":"2020-03-31T16:35:20","date_gmt":"2020-03-31T20:35:20","guid":{"rendered":"https:\/\/schettini.eng.br\/web\/?p=769"},"modified":"2020-03-31T18:15:07","modified_gmt":"2020-03-31T22:15:07","slug":"medidas-contra-o-coronavirus","status":"publish","type":"post","link":"https:\/\/schettini.eng.br\/web\/medidas-contra-o-coronavirus\/","title":{"rendered":"Medidas contra o Coronavirus"},"content":{"rendered":"\n[et_pb_section fb_built=&#8221;1&#8243; _builder_version=&#8221;4.2.2&#8243; custom_margin=&#8221;||&#8221; custom_padding=&#8221;0px|||||&#8221; hover_enabled=&#8221;0&#8243; width=&#8221;800px&#8221;][et_pb_row module_id=&#8221;requalificacao-viaria-mobilidade-urbana&#8221; _builder_version=&#8221;4.2.2&#8243; custom_padding=&#8221;||0px|||&#8221;][et_pb_column type=&#8221;4_4&#8243; _builder_version=&#8221;3.25.4&#8243;][et_pb_image src=&#8221;https:\/\/schettini.eng.br\/web\/wp-content\/uploads\/2020\/03\/medidas-coronavirus.jpg&#8221; force_fullwidth=&#8221;on&#8221; _builder_version=&#8221;4.2.2&#8243; border_radii=&#8221;on|5px|5px|5px|5px&#8221;][\/et_pb_image][et_pb_text _builder_version=&#8221;4.2.2&#8243; header_3_font=&#8221;|700|||||||&#8221;]<p style=\"text-align: justify;\">Seguindo orienta\u00e7\u00f5es da organiza\u00e7\u00e3o Mundial da Sa\u00fade (OMS), estamos aderindo formas alternativas para que voc\u00ea possa continuar tendo acesso aos servi\u00e7os e informa\u00e7\u00f5es que tanto precisa.<\/p>\n<p style=\"text-align: justify;\"><\/p>\n<h3 style=\"text-align: justify;\">Algumas medidas adotadas desde de 23\/03\/2020;<\/h3>\n<p style=\"text-align: justify;\">1 &#8211; Revezamento de forma gradual para os colaboradores do nosso escrit\u00f3rio e hor\u00e1rio reduzido;<br \/> 2 &#8211; Orientamos que as reuni\u00f5es sejam evitadas,\ufb01que onde estiver e tire suas d\u00favidas com nossa equipe t\u00e9cnica por WhatsApp, celular ou confer\u00eancia virtual.<\/p>\n<p style=\"text-align: justify;\">Em situa\u00e7\u00f5es como esta, \u00e9 necess\u00e1rio aumentar a responsabilidade consigo mesmo e tamb\u00e9m com as pessoas pr\u00f3ximas a n\u00f3s. A \u00fanica certeza que temos \u00e9 que precisamos enfrentar um tempo de recolhimento, para o seu bem, para o nosso bem.<\/p>\n<p style=\"text-align: justify;\">Iremos sair dessa mais fortes do que nunca.<\/p>\n<p style=\"text-align: justify;\"><\/p>[\/et_pb_text][et_pb_text _builder_version=&#8221;4.2.2&#8243; header_font=&#8221;|700|||||||&#8221; header_text_color=&#8221;#ab1a1e&#8221; header_3_font=&#8221;|700|||||||&#8221;]<h1 style=\"text-align: center;\">CONTATOS<\/h1>[\/et_pb_text][\/et_pb_column][\/et_pb_row][et_pb_row column_structure=&#8221;1_2,1_2&#8243; _builder_version=&#8221;3.25.4&#8243;][et_pb_column type=&#8221;1_2&#8243; _builder_version=&#8221;3.25.4&#8243;][et_pb_text _builder_version=&#8221;4.2.2&#8243; text_font=&#8221;||||||||&#8221; text_text_color=&#8221;#ffffff&#8221; header_3_font=&#8221;|700|||||||&#8221; background_color=&#8221;#ab1a1e&#8221; custom_margin=&#8221;||||false|false&#8221; custom_padding=&#8221;20px|20px|20px|20px|false|false&#8221; border_radii=&#8221;on|10px|10px|10px|10px&#8221; box_shadow_style=&#8221;preset3&#8243;]<p style=\"text-align: justify;\"><strong>Empreendimento P\u00fablico:<\/strong><br \/> Contato: Marcio Machado<br \/> marcio.medeiros@schettini.eng.br<br \/> 67 99983-3984 (WhatsApp)<\/p>\n<p style=\"text-align: justify;\"><\/p>[\/et_pb_text][et_pb_text _builder_version=&#8221;4.2.2&#8243; text_font=&#8221;||||||||&#8221; text_text_color=&#8221;#ffffff&#8221; header_3_font=&#8221;|700|||||||&#8221; background_color=&#8221;#ab1a1e&#8221; custom_margin=&#8221;||||false|false&#8221; custom_padding=&#8221;20px|20px|20px|20px|false|false&#8221; border_radii=&#8221;on|10px|10px|10px|10px&#8221; box_shadow_style=&#8221;preset3&#8243;]<p style=\"text-align: justify;\"><strong>Administrativo\/Financeiro:<\/strong><br \/>Contato: Mariza A Freitas<br \/>administrativo@schettini.eng.br<br \/>67 99279-2930 (WhatsApp)<\/p>\n<p style=\"text-align: justify;\"><\/p>[\/et_pb_text][\/et_pb_column][et_pb_column type=&#8221;1_2&#8243; _builder_version=&#8221;3.25.4&#8243;][et_pb_text _builder_version=&#8221;4.2.2&#8243; text_font=&#8221;||||||||&#8221; text_text_color=&#8221;#ffffff&#8221; header_3_font=&#8221;|700|||||||&#8221; background_color=&#8221;#ab1a1e&#8221; custom_margin=&#8221;||||false|false&#8221; custom_padding=&#8221;20px|20px|20px|20px|false|false&#8221; border_radii=&#8221;on|10px|10px|10px|10px&#8221; box_shadow_style=&#8221;preset3&#8243;]<p style=\"text-align: justify;\"><strong>Empreendimento Privado:<\/strong><br \/>Contato: Marcio Estevam<br \/>marcio.\ufb01gueiredo@schettini.eng.br<br \/>67 99981-0474 (WhatsApp)<\/p>\n<p style=\"text-align: justify;\"><\/p>[\/et_pb_text][et_pb_text _builder_version=&#8221;4.2.2&#8243; text_font=&#8221;||||||||&#8221; text_text_color=&#8221;#ffffff&#8221; header_3_font=&#8221;|700|||||||&#8221; background_color=&#8221;#ab1a1e&#8221; custom_margin=&#8221;||||false|false&#8221; custom_padding=&#8221;20px|20px|20px|20px|false|false&#8221; border_radii=&#8221;on|10px|10px|10px|10px&#8221; box_shadow_style=&#8221;preset3&#8243;]<p style=\"text-align: justify;\"><strong>Diretoria:<\/strong><br \/>Contato: Ricardo Schettini<br \/>ricardo.schettini@schettini.eng.br<br \/>67 99981-7595 (WhatsApp)<\/p>\n<p style=\"text-align: justify;\"><\/p>[\/et_pb_text][\/et_pb_column][\/et_pb_row][\/et_pb_section]\n","protected":false},"excerpt":{"rendered":"<p>Seguindo orienta\u00e7\u00f5es da organiza\u00e7\u00e3o Mundial da Sa\u00fade (OMS), estamos aderindo formas alternativas para que voc\u00ea possa continuar tendo acesso aos servi\u00e7os e informa\u00e7\u00f5es que tanto precisa. Algumas medidas adotadas desde de 23\/03\/2020; 1 &#8211; Revezamento de forma gradual para os colaboradores do nosso escrit\u00f3rio e hor\u00e1rio reduzido; 2 &#8211; Orientamos que as reuni\u00f5es sejam evitadas,\ufb01que [&hellip;]<\/p>\n","protected":false},"author":1,"featured_media":772,"comment_status":"closed","ping_status":"closed","sticky":false,"template":"","format":"standard","meta":{"_et_pb_use_builder":"on","_et_pb_old_content":"","_et_gb_content_width":"793","footnotes":""},"categories":[21],"tags":[24,25],"class_list":["post-769","post","type-post","status-publish","format-standard","has-post-thumbnail","hentry","category-informativo","tag-coronavirus","tag-covid-19"],"_links":{"self":[{"href":"https:\/\/schettini.eng.br\/web\/wp-json\/wp\/v2\/posts\/769","targetHints":{"allow":["GET"]}}],"collection":[{"href":"https:\/\/schettini.eng.br\/web\/wp-json\/wp\/v2\/posts"}],"about":[{"href":"https:\/\/schettini.eng.br\/web\/wp-json\/wp\/v2\/types\/post"}],"author":[{"embeddable":true,"href":"https:\/\/schettini.eng.br\/web\/wp-json\/wp\/v2\/users\/1"}],"replies":[{"embeddable":true,"href":"https:\/\/schettini.eng.br\/web\/wp-json\/wp\/v2\/comments?post=769"}],"version-history":[{"count":7,"href":"https:\/\/schettini.eng.br\/web\/wp-json\/wp\/v2\/posts\/769\/revisions"}],"predecessor-version":[{"id":839,"href":"https:\/\/schettini.eng.br\/web\/wp-json\/wp\/v2\/posts\/769\/revisions\/839"}],"wp:featuredmedia":[{"embeddable":true,"href":"https:\/\/schettini.eng.br\/web\/wp-json\/wp\/v2\/media\/772"}],"wp:attachment":[{"href":"https:\/\/schettini.eng.br\/web\/wp-json\/wp\/v2\/media?parent=769"}],"wp:term":[{"taxonomy":"category","embeddable":true,"href":"https:\/\/schettini.eng.br\/web\/wp-json\/wp\/v2\/categories?post=769"},{"taxonomy":"post_tag","embeddable":true,"href":"https:\/\/schettini.eng.br\/web\/wp-json\/wp\/v2\/tags?post=769"}],"curies":[{"name":"wp","href":"https:\/\/api.w.org\/{rel}","templated":true}]}}